[{"@context":"https:\/\/schema.org\/","@type":"Article","@id":"https:\/\/www.sodko.cz\/anorexie-a-zivotni-styl\/#Article","mainEntityOfPage":"https:\/\/www.sodko.cz\/anorexie-a-zivotni-styl\/","headline":"Anorexie a \u017eivotn\u00ed styl","name":"Anorexie a \u017eivotn\u00ed styl","description":"Ka\u017ed\u00fd \u010dlov\u011bk m\u00e1 sv\u016fj \u017eivotn\u00ed styl. Abych se p\u0159iznala, tak j\u00e1 db\u00e1m opravdu hodn\u011b na \u017eivotn\u00ed styl, a to hlavn\u011b kv\u016fli tomu, \u017ee kdysi jsem trp\u011bla anorexi\u00ed. A potom taky bulimi\u00ed. \u0158eknu v\u00e1m, \u017ee to jsou opravdu hodn\u011b o\u0161kliv\u00e9\u00a0nemoci\u00a0a u\u017e bych to\u00a0nikdy\u00a0necht\u011bla\u00a0za\u017e\u00edt. J\u00e1 jsem se toti\u017e zhl\u00e9dla v modern\u00edch \u010dasopisech a taky se mi l\u00edbily &hellip; <div class=\"link-more text-center\"><a href=\"https:\/\/www.sodko.cz\/anorexie-a-zivotni-styl\/\" class=\"more-link py-2 px-4\">Read More<span class=\"screen-reader-text\"> \"Anorexie a \u017eivotn\u00ed styl\"<\/span><\/a><\/div>","datePublished":"2022-10-28","dateModified":"2023-05-01","author":{"@type":"Person","@id":"https:\/\/www.sodko.cz\/author\/devene\/#Person","name":"devene","url":"https:\/\/www.sodko.cz\/author\/devene\/","identifier":1,"image":{"@type":"ImageObject","@id":"https:\/\/secure.gravatar.com\/avatar\/4bf629230dc34158290ba5b10491f45b3bfbba94b88af3386c3da2fed730f430?s=96&d=mm&r=g","url":"https:\/\/secure.gravatar.com\/avatar\/4bf629230dc34158290ba5b10491f45b3bfbba94b88af3386c3da2fed730f430?s=96&d=mm&r=g","height":96,"width":96}},"publisher":{"@type":"Organization","name":"sodko.cz","logo":{"@type":"ImageObject","@id":"\/logo.png","url":"\/logo.png","width":600,"height":60}},"image":{"@type":"ImageObject","@id":"https:\/\/www.sodko.cz\/wp-content\/uploads\/woman-1979272_960_720_6.jpg","url":"https:\/\/www.sodko.cz\/wp-content\/uploads\/woman-1979272_960_720_6.jpg","height":0,"width":0},"url":"https:\/\/www.sodko.cz\/anorexie-a-zivotni-styl\/","about":["\u017divotn\u00ed styl"],"wordCount":420,"articleBody":"Ka\u017ed\u00fd \u010dlov\u011bk m\u00e1 sv\u016fj \u017eivotn\u00ed styl. Abych se p\u0159iznala, tak j\u00e1 db\u00e1m opravdu hodn\u011b na \u017eivotn\u00ed styl, a to hlavn\u011b kv\u016fli tomu, \u017ee kdysi jsem trp\u011bla anorexi\u00ed. A potom taky bulimi\u00ed. \u0158eknu v\u00e1m, \u017ee to jsou opravdu hodn\u011b o\u0161kliv\u00e9\u00a0nemoci\u00a0a u\u017e bych to\u00a0nikdy\u00a0necht\u011bla\u00a0za\u017e\u00edt. J\u00e1 jsem se toti\u017e zhl\u00e9dla v modern\u00edch \u010dasopisech a taky se mi l\u00edbily kr\u00e1sn\u00e9\u00a0\u0161t\u00edhl\u00e9\u00a0modelky, kter\u00e9 p\u0159edv\u00e1d\u011bly opravdu kr\u00e1sn\u00e9 oble\u010den\u00ed. A j\u00e1 jsem si myslela \u017ee pokud bych cht\u011bla m\u00edt taky tak kr\u00e1sn\u00e9 oble\u010den\u00ed, tak bych taky musela b\u00fdt \u0161t\u00edhl\u00e1 jako modelky. A tohle v\u0161echno jsem si zamilovala, kdy\u017e mi bylo dvan\u00e1ct anebo t\u0159in\u00e1ct let.Jenom\u017ee j\u00e1 jsem byla v\u017edycky od narozen\u00ed takov\u00e9 opl\u00e1can\u00e9 d\u00edt\u011b, jako krev a\u00a0ml\u00e9ko. A j\u00e1 jsem takov\u00e1 b\u00fdt necht\u011bla. Ani nev\u00edte, co mi v\u0161echno na vykl\u00e1dala moje m\u00e1ma a taky t\u00e1ta. Ov\u0161em ale ani jeden z nich netu\u0161il, co to ve mn\u011b odstartuje. Kdy\u017e mi \u0159ekli, \u017ee jsem opl\u00e1can\u00e1 a \u017ee v\u00e1m \u0161p\u00ed\u010dky na b\u0159ichu a na zadku, tak m\u011b to opravdu hodn\u011b mrzelo a za\u010dala jsem hubnout. Ani nev\u00edm, jak jsem to ud\u011blala, ale ze dne na den jsem opravdu p\u0159estala j\u00edst sladk\u00e9 a tu\u010dn\u00e9. M\u00fdm rodi\u010d\u016fm to ani nep\u0159i\u0161lo divn\u00e9, proto\u017ee si mysleli, \u017ee m\u00e1m zase jenom n\u011bjakou puber\u0165\u00e1k\u016fm n\u00e1ladu. Na\u0161t\u011bst\u00ed ale asi po t\u0159ech m\u011bs\u00edc\u00edch si\u00a0toho v\u0161imli, \u017ee jsem byla takov\u00e1 bled\u00e1 a pohubl\u00e1, a\u017e nezdrav\u00e1.Mysl\u00edm si, \u017ee m\u011b zachr\u00e1nili p\u0159ed \u00fapln\u00fdm koncem\u00a0anorexie, proto\u017ee jsem shodila patn\u00e1ct kilogram\u016f zat\u0159i m\u011bs\u00edce. A bylo to docela hrozn\u00e9, taky to byl \u0161ok pro celou rodinu. Tak\u017ee od t\u00e9 doby si d\u00e1v\u00e1m opravdu velik\u00fd pozor, jak\u00fd \u017eiji \u017eivotn\u00ed styl. U\u017e nechci vypadat opravdu jako n\u011bkdo v \u010dasopisech, nechci vypadat tak, jak si p\u0159ej\u00ed ostatn\u00ed,\u00a0ale\u00a0chci b\u00fdt takov\u00e1, jak\u00e1 chci b\u00fdt sama. A proto jsem\u00a0rad\u011bji\u00a0taky zm\u011bnila cel\u00fd sv\u016fj \u017eivotn\u00ed styl a \u017eiji si takov\u00fd styl, jak\u00fd se l\u00edb\u00ed hlavn\u011b\u00a0m\u011b a nejenom cel\u00e9 rodin\u011b. Uv\u011bdomila jsem si, \u017ee zdrav\u00fd \u017eivotn\u00ed styl je pro lidi d\u016fle\u017eit\u00fd.                                                                                                                                                                                                                                                                                                                                                                                        4\/5 - (4 votes)        "},{"@context":"https:\/\/schema.org\/","@type":"BreadcrumbList","itemListElement":[{"@type":"ListItem","position":1,"name":"Anorexie a \u017eivotn\u00ed styl","item":"https:\/\/www.sodko.cz\/anorexie-a-zivotni-styl\/#breadcrumbitem"}]}]