[{"@context":"https:\/\/schema.org\/","@type":"Article","@id":"https:\/\/www.sodko.cz\/elektromobily-a-co-dal\/#Article","mainEntityOfPage":"https:\/\/www.sodko.cz\/elektromobily-a-co-dal\/","headline":"Elektromobily a co d\u00e1l?","name":"Elektromobily a co d\u00e1l?","description":"Automobilismus se v\u00a0modern\u00ed spole\u010dnosti vyv\u00edj\u00ed a rozv\u00edj\u00ed u\u017e p\u0159es 130 let. Od subtiln\u00edch konstrukc\u00ed na \u010dty\u0159ech kolech, ni\u010d\u00edm nechr\u00e1n\u00edc\u00ed svou pos\u00e1dku a jezd\u00edc\u00ed jen o n\u011bco m\u00e1lo rychleji ne\u017e je rychl\u00e1 ch\u016fze, se postupn\u011b vyvinuly v\u00a0estetick\u00e9, bezpe\u010dn\u00e9 automobily. Jezd\u00ed rychle, jezd\u00ed bezpe\u010dn\u011b a d\u00edky p\u0159\u00edstupu za posledn\u00edch 50 let i pom\u011brn\u011b ekologicky. U\u017e po nich &hellip; <div class=\"link-more text-center\"><a href=\"https:\/\/www.sodko.cz\/elektromobily-a-co-dal\/\" class=\"more-link py-2 px-4\">Read More<span class=\"screen-reader-text\"> \"Elektromobily a co d\u00e1l?\"<\/span><\/a><\/div>","datePublished":"2021-09-17","dateModified":"2021-09-17","author":{"@type":"Person","@id":"https:\/\/www.sodko.cz\/author\/devene\/#Person","name":"devene","url":"https:\/\/www.sodko.cz\/author\/devene\/","identifier":1,"image":{"@type":"ImageObject","@id":"https:\/\/secure.gravatar.com\/avatar\/4bf629230dc34158290ba5b10491f45b3bfbba94b88af3386c3da2fed730f430?s=96&d=mm&r=g","url":"https:\/\/secure.gravatar.com\/avatar\/4bf629230dc34158290ba5b10491f45b3bfbba94b88af3386c3da2fed730f430?s=96&d=mm&r=g","height":96,"width":96}},"publisher":{"@type":"Organization","name":"sodko.cz","logo":{"@type":"ImageObject","@id":"\/logo.png","url":"\/logo.png","width":600,"height":60}},"image":{"@type":"ImageObject","@id":"https:\/\/www.sodko.cz\/wp-content\/uploads\/car-gfa959c609_640_3.png","url":"https:\/\/www.sodko.cz\/wp-content\/uploads\/car-gfa959c609_640_3.png","height":0,"width":0},"url":"https:\/\/www.sodko.cz\/elektromobily-a-co-dal\/","about":["Auto moto"],"wordCount":404,"articleBody":"Automobilismus se v\u00a0modern\u00ed spole\u010dnosti vyv\u00edj\u00ed a rozv\u00edj\u00ed u\u017e p\u0159es 130 let. Od subtiln\u00edch konstrukc\u00ed na \u010dty\u0159ech kolech, ni\u010d\u00edm nechr\u00e1n\u00edc\u00ed svou pos\u00e1dku a jezd\u00edc\u00ed jen o n\u011bco m\u00e1lo rychleji ne\u017e je rychl\u00e1 ch\u016fze, se postupn\u011b vyvinuly v\u00a0estetick\u00e9, bezpe\u010dn\u00e9 automobily. Jezd\u00ed rychle, jezd\u00ed bezpe\u010dn\u011b a d\u00edky p\u0159\u00edstupu za posledn\u00edch 50 let i pom\u011brn\u011b ekologicky. U\u017e po nich nez\u016fst\u00e1v\u00e1 z\u00e1pach sp\u00e1len\u00fdch pohonn\u00fdch hmot, u\u017e z\u00a0nich neodkap\u00e1v\u00e1 olej kdykoliv del\u0161\u00ed dobu stoj\u00ed. Jen\u017ee spole\u010dnost s\u00a0i \u017e\u00e1d\u00e1 v\u00edce. U\u017e \u017e\u00e1dn\u00e9 pohonn\u00e9 hmoty, kter\u00e9 jsou deriv\u00e1ty ropy. Jedin\u011b pohon na elektrickou energii. Co se zd\u00e1lo na konci minul\u00e9ho stolet\u00ed, jako mo\u017en\u00e1 ne\u0159e\u0161iteln\u00e1 technologie, dnes jezd\u00ed po sv\u011btov\u00fdch silnic\u00edch. Neuv\u011b\u0159iteln\u00fd v\u00fdvoj motor\u016f, a hlavn\u011b bateri\u00ed umo\u017enil, \u017ee elektromobily pomalu, ale jist\u011b zapl\u0148uj\u00ed \u0159ady automobil\u016f. Maj\u00ed \u0161anci se prosadit jako absolutn\u00ed n\u00e1hrada voz\u016f se spalovac\u00edmi motory? Jak to vypad\u00e1, maj\u00ed. Jsme ale na tuhle situaci jako spole\u010dnost p\u0159ipraveni? Ne. Nejsme. A to proto\u017ee ten nejv\u011bt\u0161\u00ed probl\u00e9m, kter\u00fd elektroautomobily p\u0159inesou, jsme je\u0161t\u011b neza\u010dali ani \u0159e\u0161it.Osobn\u011b vid\u00edm velk\u00fd probl\u00e9m v\u00a0tom, v\u00a0\u010dem u\u017e na sebe elektroautomobily upozornily. P\u00e1r z\u00a0nich za\u010dalo ho\u0159et. N\u011bkter\u00e9 samovzn\u00edcen\u00edm, n\u011bkter\u00e9 p\u0159i hav\u00e1rii a n\u011bkter\u00e9 jednodu\u0161e plameny dostihly, kdy\u017e ho\u0159elo n\u011bco \u00fapln\u011b jin\u00e9ho.Zji\u0161t\u011bn\u00ed z\u00a0ha\u0161en\u00ed prok\u00e1zalo skute\u010dnost, \u017ee d\u00edky konstrukci bateri\u00ed se po\u017e\u00e1r elektroautomobil\u016f velice obt\u00ed\u017en\u011b has\u00ed. Ouha. Pou\u010den\u00ed z\u00a0t\u00e9to situace nenechalo na sebe dlouho \u010dekat a u\u017e je tu z\u00e1kaz parkov\u00e1n\u00ed t\u011bchto aut v\u00a0podzemn\u00edch a kryt\u00fdch gar\u00e1\u017e\u00edch.A to je ten probl\u00e9m. Ekologov\u00e9 \u017e\u00e1daj\u00ed, a\u0165 n\u011bkdy po roce 2030 se ukon\u010d\u00ed v\u00fdroba aut s\u00a0klasick\u00fdmi motory. Fajn. Ale maj\u00ed ti ekologov\u00e9 p\u0159edstavu, kde zaparkuj\u00ed statis\u00edce a milion\u016f voz\u016f na elekt\u0159inu? U\u017e dnes se ve velk\u00fdch m\u011bstech parkuje hlavn\u011b v\u00a0parkovac\u00edch domech. Jinde nen\u00ed m\u00edsto. Nikde. Nejsou obrovsk\u00e9 plochy, kter\u00e9 by poslou\u017eily k\u00a0parkov\u00e1n\u00ed elektromobil\u016f. Tento probl\u00e9m se ale ne\u0159e\u0161\u00ed. A pokud ano, tak se o n\u011bm n\u011bjak nemluv\u00ed.                                                                                                                                                                                                                                                                                                                                                                                        5\/5 - (3 votes)        "},{"@context":"https:\/\/schema.org\/","@type":"BreadcrumbList","itemListElement":[{"@type":"ListItem","position":1,"name":"Elektromobily a co d\u00e1l?","item":"https:\/\/www.sodko.cz\/elektromobily-a-co-dal\/#breadcrumbitem"}]}]