[{"@context":"https:\/\/schema.org\/","@type":"Article","@id":"https:\/\/www.sodko.cz\/konec-dvoji-kvality-potravin-a-zjednoduseni-oznaceni-ceske-potraviny\/#Article","mainEntityOfPage":"https:\/\/www.sodko.cz\/konec-dvoji-kvality-potravin-a-zjednoduseni-oznaceni-ceske-potraviny\/","headline":"Konec dvoj\u00ed kvality potravin a zjednodu\u0161en\u00ed ozna\u010den\u00ed \u010cesk\u00e9 potraviny!","name":"Konec dvoj\u00ed kvality potravin a zjednodu\u0161en\u00ed ozna\u010den\u00ed \u010cesk\u00e9 potraviny!","description":"Za poru\u0161en\u00ed uveden\u00e9ho z\u00e1kona bude po kompletn\u00edm schv\u00e1len\u00ed hrozit firm\u00e1m pokuta a\u017e ve v\u00fd\u0161i pades\u00e1ti milion\u016f korun \u010desk\u00fdch. Za dvoj\u00ed kvalitu potravin budou platit ale obchodn\u00edci, nikoliv nadn\u00e1rodn\u00ed v\u00fdrobci uveden\u00e9ho zbo\u017e\u00ed. Toto uvedl ji\u017e v d\u0159\u00edv\u011bj\u0161\u00edm sd\u011blen\u00ed i ministr zem\u011bd\u011blstv\u00ed. Novela nejen zav\u00e1d\u00ed vy\u0161\u0161\u00ed pokuty, ale tak\u00e9 zvy\u0161uje pravomoci St\u00e1tn\u00ed zem\u011bd\u011blsk\u00e9 a potravin\u00e1\u0159sk\u00e9 inspekce a &hellip; <div class=\"link-more text-center\"><a href=\"https:\/\/www.sodko.cz\/konec-dvoji-kvality-potravin-a-zjednoduseni-oznaceni-ceske-potraviny\/\" class=\"more-link py-2 px-4\">Read More<span class=\"screen-reader-text\"> \"Konec dvoj\u00ed kvality potravin a zjednodu\u0161en\u00ed ozna\u010den\u00ed \u010cesk\u00e9 potraviny!\"<\/span><\/a><\/div>","datePublished":"2019-12-09","dateModified":"2023-05-01","author":{"@type":"Person","@id":"https:\/\/www.sodko.cz\/author\/devene\/#Person","name":"devene","url":"https:\/\/www.sodko.cz\/author\/devene\/","identifier":1,"image":{"@type":"ImageObject","@id":"https:\/\/secure.gravatar.com\/avatar\/4bf629230dc34158290ba5b10491f45b3bfbba94b88af3386c3da2fed730f430?s=96&d=mm&r=g","url":"https:\/\/secure.gravatar.com\/avatar\/4bf629230dc34158290ba5b10491f45b3bfbba94b88af3386c3da2fed730f430?s=96&d=mm&r=g","height":96,"width":96}},"publisher":{"@type":"Organization","name":"sodko.cz","logo":{"@type":"ImageObject","@id":"\/logo.png","url":"\/logo.png","width":600,"height":60}},"image":{"@type":"ImageObject","@id":"https:\/\/www.sodko.cz\/wp-content\/uploads\/img_a364403_w4190_t1577117532.jpg","url":"https:\/\/www.sodko.cz\/wp-content\/uploads\/img_a364403_w4190_t1577117532.jpg","height":0,"width":0},"url":"https:\/\/www.sodko.cz\/konec-dvoji-kvality-potravin-a-zjednoduseni-oznaceni-ceske-potraviny\/","about":["Ekonomika"],"wordCount":452,"articleBody":"Za poru\u0161en\u00ed uveden\u00e9ho z\u00e1kona bude po kompletn\u00edm schv\u00e1len\u00ed hrozit firm\u00e1m pokuta a\u017e ve v\u00fd\u0161i pades\u00e1ti milion\u016f korun \u010desk\u00fdch. Za dvoj\u00ed kvalitu potravin budou platit ale obchodn\u00edci, nikoliv nadn\u00e1rodn\u00ed v\u00fdrobci uveden\u00e9ho zbo\u017e\u00ed. Toto uvedl ji\u017e v d\u0159\u00edv\u011bj\u0161\u00edm sd\u011blen\u00ed i ministr zem\u011bd\u011blstv\u00ed.Novela nejen zav\u00e1d\u00ed vy\u0161\u0161\u00ed pokuty, ale tak\u00e9 zvy\u0161uje pravomoci St\u00e1tn\u00ed zem\u011bd\u011blsk\u00e9 a potravin\u00e1\u0159sk\u00e9 inspekce a roz\u0161i\u0159uje d\u00e1le mo\u017enost ozna\u010dit potravinu za typicky \u010deskou.Nad t\u00edm, \u017ee by v\u0161ak m\u011bli b\u00fdt trest\u00e1ni prodejci, vyj\u00e1d\u0159il sv\u00e9 rozho\u0159\u010den\u00ed jeden z poslanc\u016f ODS a b\u00fdval\u00fd ministr zem\u011bd\u011blstv\u00ed Petr Bendl. Podle n\u011bj nen\u00ed \u00fapln\u011b jasn\u00e9, jestli se novela chyst\u00e1 hl\u00eddat a trestat spr\u00e1vn\u00e9 subjekty. Podle n\u011bj je chybn\u00e9 potrestat prodejce, kte\u0159\u00ed nemaj\u00ed tu\u0161en\u00ed, co v\u00fdrobci v r\u00e1mci EU vyrob\u00ed a daj\u00ed ku prodeji. Podle uveden\u00e9ho poslance by situace mohla doj\u00edt tak daleko, \u017ee n\u011bkter\u00e9 potraviny se pak u n\u00e1s nebudou v\u016fbec moci prod\u00e1vat a neobjev\u00ed se tak na na\u0161ich pultech. Na druhou stranu v\u0161ak ocenila tento n\u00e1vrh b\u00fdval\u00e1 ministryn\u011b \u0161kolstv\u00ed a poslankyn\u011b za \u010cSSD.Ministr Toman v r\u00e1mci vyj\u00e1d\u0159en\u00ed ujistil poslance, \u017ee je o v\u00fdhrad\u00e1ch k n\u00e1vrhu novely z\u00e1kona p\u0159ipraven diskutovat. D\u00e1le sd\u011blil, \u017ee se hodnocen\u00ed dvoj\u00ed kvality potravin net\u00fdk\u00e1 v \u017e\u00e1dn\u00e9m p\u0159\u00edpad\u011b tuzemsk\u00fdch v\u00fdrobc\u016f, ale jedn\u00e1 se v p\u0159ev\u00e1\u017en\u00e9 m\u00ed\u0159e pr\u00e1v\u011b o glob\u00e1ln\u00ed v\u00fdrobce, a tedy dov\u00e1\u017een\u00e9 zbo\u017e\u00ed. V r\u00e1mci sv\u00fdch vyj\u00e1d\u0159en\u00ed tak\u00e9 pouk\u00e1zal na to, \u017ee podle p\u0159edpis\u016f EU je zodpov\u011bdn\u00fd pr\u00e1v\u011b provozovatel potravin\u00e1\u0159sk\u00e9ho podniku, \u010d\u00edm\u017e m\u016f\u017eou b\u00fdt pr\u00e1v\u011b i obchody. Podle na\u0161eho z\u00e1kona je zodpov\u011bdn\u00fd pr\u00e1v\u011b ten, kter\u00fd potravinu uv\u00e1d\u00ed na trh, p\u0159i\u010dem\u017e samoz\u0159ejmost\u00ed je, \u017ee se mus\u00ed kontrolovat pr\u00e1v\u011b i v\u00fdrobce dan\u00e9ho zbo\u017e\u00ed!Novela tak\u00e9 zm\u00edr\u0148uje velmi p\u0159\u00edsnou definici tak zvan\u00e9 \u010desk\u00e9 potraviny. Doposud toto ozna\u010den\u00ed nezohled\u0148ovalo fakt, \u017ee n\u011bkter\u00e9 slo\u017eky nelze ze zcela objektivn\u00edch d\u016fvod\u016f na na\u0161em \u00fazem\u00ed z\u00edskat. V\u00fdroba n\u011bkter\u00fdch takov\u00fdch slo\u017eek je v\u0161ak v r\u00e1mci tradice typicky \u010deskou z\u00e1le\u017eitost\u00ed a je b\u011b\u017en\u011b roz\u0161\u00ed\u0159en\u00e1. Nap\u0159\u00edklad p\u0159i v\u00fdrob\u011b \u010dokol\u00e1dov\u00fdch bonb\u00f3n\u016f, \u010daje, \u010dokol\u00e1dy \u010di k\u00e1vy nebo dal\u0161\u00edch potravin z r\u00fd\u017eov\u00fdch extrudovan\u00fdch v\u00fdrobk\u016f.                                                                                                                                                                                                                                                                                                                                                                                        4.5\/5 - (12 votes)        "},{"@context":"https:\/\/schema.org\/","@type":"BreadcrumbList","itemListElement":[{"@type":"ListItem","position":1,"name":"Konec dvoj\u00ed kvality potravin a zjednodu\u0161en\u00ed ozna\u010den\u00ed \u010cesk\u00e9 potraviny!","item":"https:\/\/www.sodko.cz\/konec-dvoji-kvality-potravin-a-zjednoduseni-oznaceni-ceske-potraviny\/#breadcrumbitem"}]}]