[{"@context":"https:\/\/schema.org\/","@type":"Article","@id":"https:\/\/www.sodko.cz\/pro-spolecnou-cestu-zivotem\/#Article","mainEntityOfPage":"https:\/\/www.sodko.cz\/pro-spolecnou-cestu-zivotem\/","headline":"Pro spole\u010dnou cestu \u017eivotem","name":"Pro spole\u010dnou cestu \u017eivotem","description":"Kdo by nesouhlasil s t\u00edm, \u017ee kdy\u017e se do sebe dva lid\u00e9 zamiluj\u00ed a rozhodnout se, \u017ee spoj\u00ed sv\u00e9 \u017eivoty dohromady, tak je to kr\u00e1sn\u00e9 a romantick\u00e9. Po takov\u00e9m d\u016fle\u017eit\u00e9m a \u017eivotn\u00edm rozhodnut\u00ed v\u011bt\u0161inou n\u00e1sleduj\u00ed p\u0159\u00edpravy na svatbu. Ka\u017ed\u00fd, kdo to za\u017eil, v\u00ed, kolik starost\u00ed kolem takov\u00e9ho chyst\u00e1n\u00ed je. A proto\u017ee jde ale o naprosto &hellip; <div class=\"link-more text-center\"><a href=\"https:\/\/www.sodko.cz\/pro-spolecnou-cestu-zivotem\/\" class=\"more-link py-2 px-4\">Read More<span class=\"screen-reader-text\"> \"Pro spole\u010dnou cestu \u017eivotem\"<\/span><\/a><\/div>","datePublished":"2025-08-28","dateModified":"2025-08-28","author":{"@type":"Person","@id":"https:\/\/www.sodko.cz\/author\/devene\/#Person","name":"devene","url":"https:\/\/www.sodko.cz\/author\/devene\/","identifier":1,"image":{"@type":"ImageObject","@id":"https:\/\/secure.gravatar.com\/avatar\/4bf629230dc34158290ba5b10491f45b3bfbba94b88af3386c3da2fed730f430?s=96&d=mm&r=g","url":"https:\/\/secure.gravatar.com\/avatar\/4bf629230dc34158290ba5b10491f45b3bfbba94b88af3386c3da2fed730f430?s=96&d=mm&r=g","height":96,"width":96}},"publisher":{"@type":"Organization","name":"sodko.cz","logo":{"@type":"ImageObject","@id":"\/logo.png","url":"\/logo.png","width":600,"height":60}},"url":"https:\/\/www.sodko.cz\/pro-spolecnou-cestu-zivotem\/","wordCount":170,"articleBody":"Kdo by nesouhlasil s t\u00edm, \u017ee kdy\u017e se do sebe dva lid\u00e9 zamiluj\u00ed a rozhodnout se, \u017ee spoj\u00ed sv\u00e9 \u017eivoty dohromady, tak je to kr\u00e1sn\u00e9 a romantick\u00e9. Po takov\u00e9m d\u016fle\u017eit\u00e9m a \u017eivotn\u00edm rozhodnut\u00ed v\u011bt\u0161inou n\u00e1sleduj\u00ed p\u0159\u00edpravy na svatbu. Ka\u017ed\u00fd, kdo to za\u017eil, v\u00ed, kolik starost\u00ed kolem takov\u00e9ho chyst\u00e1n\u00ed je. A proto\u017ee jde ale o naprosto jedine\u010dn\u00fd den, je t\u0159eba p\u0159\u00edpravy nepodcenit. Samoz\u0159ejm\u011b je t\u0159eba pamatovat i na dva krou\u017eky z drah\u00e9ho kovu, kter\u00e9 si p\u00e1r p\u0159i ob\u0159adu vz\u00e1jemn\u011b navl\u00e9kne. Vyb\u00edrejte s rozmyslem Vyb\u00edrat snubn\u00ed prsteny se vyplat\u00ed pe\u010dliv\u011b a s rozmyslem. V\u017edy\u0165 je to p\u0159ece volba na cel\u00fd \u017eivot. Pokud si nane\u0161t\u011bst\u00ed \u0161patn\u011b vybereme, mus\u00edme se s t\u00edm sm\u00ed\u0159it, v\u011bt\u0161inou je toti\u017e nejdeme, kdy\u017e n\u00e1s omrz\u00ed, po m\u011bs\u00edci vr\u00e1tit a vym\u011bnit za jin\u00e9 a hez\u010d\u00ed.                                                                                                                                                                                                                                                                                                                                                                                                "},{"@context":"https:\/\/schema.org\/","@type":"BreadcrumbList","itemListElement":[{"@type":"ListItem","position":1,"name":"Pro spole\u010dnou cestu \u017eivotem","item":"https:\/\/www.sodko.cz\/pro-spolecnou-cestu-zivotem\/#breadcrumbitem"}]}]