[{"@context":"https:\/\/schema.org\/","@type":"Article","@id":"https:\/\/www.sodko.cz\/vyjadrete-svou-osobnost\/#Article","mainEntityOfPage":"https:\/\/www.sodko.cz\/vyjadrete-svou-osobnost\/","headline":"Vyj\u00e1d\u0159ete svou osobnost","name":"Vyj\u00e1d\u0159ete svou osobnost","description":"Ka\u017ed\u00e1 \u017eena db\u00e1 o to, co nos\u00ed na sob\u011b, nebo\u0165 to vyjad\u0159uje jej\u00ed osobnost. Pro \u017eeny je d\u016fle\u017eit\u00e9, aby se mohly ka\u017ed\u00e1 den uk\u00e1zat v n\u011b\u010dem jin\u00e9m, je\u0161t\u011b nejl\u00e9pe s jin\u00fdmi botami i dopl\u0148ky, kter\u00e9 skv\u011ble lad\u00ed k cel\u00e9mu outfitu. D\u00e1msk\u00e9 oble\u010den\u00ed proto najdete v ka\u017ed\u00e9m druh\u00e9m obchod\u011b. V\u017edy \u010dist\u00e1 a upraven\u00e1 Nedok\u00e1\u017eeme si p\u0159edstavit, &hellip; <div class=\"link-more text-center\"><a href=\"https:\/\/www.sodko.cz\/vyjadrete-svou-osobnost\/\" class=\"more-link py-2 px-4\">Read More<span class=\"screen-reader-text\"> \"Vyj\u00e1d\u0159ete svou osobnost\"<\/span><\/a><\/div>","datePublished":"2023-12-26","dateModified":"2023-12-26","author":{"@type":"Person","@id":"https:\/\/www.sodko.cz\/author\/devene\/#Person","name":"devene","url":"https:\/\/www.sodko.cz\/author\/devene\/","identifier":1,"image":{"@type":"ImageObject","@id":"https:\/\/secure.gravatar.com\/avatar\/4bf629230dc34158290ba5b10491f45b3bfbba94b88af3386c3da2fed730f430?s=96&d=mm&r=g","url":"https:\/\/secure.gravatar.com\/avatar\/4bf629230dc34158290ba5b10491f45b3bfbba94b88af3386c3da2fed730f430?s=96&d=mm&r=g","height":96,"width":96}},"publisher":{"@type":"Organization","name":"sodko.cz","logo":{"@type":"ImageObject","@id":"\/logo.png","url":"\/logo.png","width":600,"height":60}},"url":"https:\/\/www.sodko.cz\/vyjadrete-svou-osobnost\/","wordCount":175,"articleBody":"Ka\u017ed\u00e1 \u017eena db\u00e1 o to, co nos\u00ed na sob\u011b, nebo\u0165 to vyjad\u0159uje jej\u00ed osobnost. Pro \u017eeny je d\u016fle\u017eit\u00e9, aby se mohly ka\u017ed\u00e1 den uk\u00e1zat v n\u011b\u010dem jin\u00e9m, je\u0161t\u011b nejl\u00e9pe s jin\u00fdmi botami i dopl\u0148ky, kter\u00e9 skv\u011ble lad\u00ed k cel\u00e9mu outfitu. D\u00e1msk\u00e9 oble\u010den\u00ed proto najdete v ka\u017ed\u00e9m druh\u00e9m obchod\u011b.\tV\u017edy \u010dist\u00e1 a upraven\u00e1Nedok\u00e1\u017eeme si p\u0159edstavit, \u017ee by \u017eena m\u011bla chodit \u0161pinav\u00e1, v roztrhan\u00e9m od\u011bvu \u010di s jina\u010d\u00edmi znaky toho, \u017ee o sebe nepe\u010duje. Proto tak\u00e9 skoro ka\u017ed\u00e1 \u017eena db\u00e1 o to, co nos\u00ed na sob\u011b. Zda se to d\u00e1msk\u00e9 oble\u010den\u00ed k n\u00ed hod\u00ed \u010di nikoliv, \u010di zda se jednotliv\u00e9 kousky v\u016fbec hod\u00ed k sob\u011b. \u017deny jsou kr\u00e1sn\u00e1 stvo\u0159en\u00ed a podle toho by se m\u011bl p\u0159izp\u016fsobovat i jejich upraven\u00fd zevn\u011bj\u0161ek. A pokud nev\u00edte, jak o sebe pe\u010dovat, tak si nechte poradit od profesion\u00e1l\u016f.                                                                                                                                                                                                                                                                                                                                                                                        4.6\/5 - (5 votes)        "},{"@context":"https:\/\/schema.org\/","@type":"BreadcrumbList","itemListElement":[{"@type":"ListItem","position":1,"name":"Vyj\u00e1d\u0159ete svou osobnost","item":"https:\/\/www.sodko.cz\/vyjadrete-svou-osobnost\/#breadcrumbitem"}]}]