{"@context":"https:\/\/schema.org\/","@type":"CollectionPage","@id":"https:\/\/www.sodko.cz\/zivotni-styl\/#CollectionPage","headline":"\u017divotn\u00ed styl Category","description":"","url":"https:\/\/www.sodko.cz\/zivotni-styl\/","hasPart":[{"@type":"Article","@id":"https:\/\/www.sodko.cz\/anorexie-a-zivotni-styl\/","headline":"Anorexie a \u017eivotn\u00ed styl","url":"https:\/\/www.sodko.cz\/anorexie-a-zivotni-styl\/","datePublished":"2022-10-28","dateModified":"2023-05-01","mainEntityOfPage":"https:\/\/www.sodko.cz\/anorexie-a-zivotni-styl\/","author":{"@type":"Person","@id":"https:\/\/www.sodko.cz\/author\/devene\/#Person","name":"devene","url":"https:\/\/www.sodko.cz\/author\/devene\/","identifier":1,"image":{"@type":"ImageObject","@id":"https:\/\/secure.gravatar.com\/avatar\/4bf629230dc34158290ba5b10491f45b3bfbba94b88af3386c3da2fed730f430?s=96&d=mm&r=g","url":"https:\/\/secure.gravatar.com\/avatar\/4bf629230dc34158290ba5b10491f45b3bfbba94b88af3386c3da2fed730f430?s=96&d=mm&r=g","height":96,"width":96}},"publisher":{"@type":"Organization","name":"sodko.cz","logo":{"@type":"ImageObject","@id":"\/logo.png","url":"\/logo.png","width":600,"height":60}},"image":{"@type":"ImageObject","@id":"https:\/\/www.sodko.cz\/wp-content\/uploads\/woman-1979272_960_720_6.jpg","url":"https:\/\/www.sodko.cz\/wp-content\/uploads\/woman-1979272_960_720_6.jpg","height":0,"width":0},"keywords":null},{"@type":"Article","@id":"https:\/\/www.sodko.cz\/jak-se-vyrovnat-s-kritikou\/","headline":"Jak se vyrovnat s kritikou?","url":"https:\/\/www.sodko.cz\/jak-se-vyrovnat-s-kritikou\/","datePublished":"2019-12-02","dateModified":"2023-05-01","mainEntityOfPage":"https:\/\/www.sodko.cz\/jak-se-vyrovnat-s-kritikou\/","author":{"@type":"Person","@id":"https:\/\/www.sodko.cz\/author\/devene\/#Person","name":"devene","url":"https:\/\/www.sodko.cz\/author\/devene\/","identifier":1,"image":{"@type":"ImageObject","@id":"https:\/\/secure.gravatar.com\/avatar\/4bf629230dc34158290ba5b10491f45b3bfbba94b88af3386c3da2fed730f430?s=96&d=mm&r=g","url":"https:\/\/secure.gravatar.com\/avatar\/4bf629230dc34158290ba5b10491f45b3bfbba94b88af3386c3da2fed730f430?s=96&d=mm&r=g","height":96,"width":96}},"publisher":{"@type":"Organization","name":"sodko.cz","logo":{"@type":"ImageObject","@id":"\/logo.png","url":"\/logo.png","width":600,"height":60}},"image":{"@type":"ImageObject","@id":"https:\/\/www.sodko.cz\/wp-content\/uploads\/img_a362880_w4190_t1575809785.jpg","url":"https:\/\/www.sodko.cz\/wp-content\/uploads\/img_a362880_w4190_t1575809785.jpg","height":0,"width":0},"keywords":null},{"@type":"Article","@id":"https:\/\/www.sodko.cz\/prace-se-zakem-s-odlisnym-materskym-jazykem\/","headline":"Pr\u00e1ce se \u017e\u00e1kem s odli\u0161n\u00fdm mate\u0159sk\u00fdm jazykem","url":"https:\/\/www.sodko.cz\/prace-se-zakem-s-odlisnym-materskym-jazykem\/","datePublished":"2019-06-14","dateModified":"2023-05-01","mainEntityOfPage":"https:\/\/www.sodko.cz\/prace-se-zakem-s-odlisnym-materskym-jazykem\/","author":{"@type":"Person","@id":"https:\/\/www.sodko.cz\/author\/devene\/#Person","name":"devene","url":"https:\/\/www.sodko.cz\/author\/devene\/","identifier":1,"image":{"@type":"ImageObject","@id":"https:\/\/secure.gravatar.com\/avatar\/4bf629230dc34158290ba5b10491f45b3bfbba94b88af3386c3da2fed730f430?s=96&d=mm&r=g","url":"https:\/\/secure.gravatar.com\/avatar\/4bf629230dc34158290ba5b10491f45b3bfbba94b88af3386c3da2fed730f430?s=96&d=mm&r=g","height":96,"width":96}},"publisher":{"@type":"Organization","name":"sodko.cz","logo":{"@type":"ImageObject","@id":"\/logo.png","url":"\/logo.png","width":600,"height":60}},"image":{"@type":"ImageObject","@id":"https:\/\/www.sodko.cz\/wp-content\/uploads\/img_a346088_w2248_t1560065865.jpg","url":"https:\/\/www.sodko.cz\/wp-content\/uploads\/img_a346088_w2248_t1560065865.jpg","height":0,"width":0},"keywords":null}]}