[{"@context":"https:\/\/schema.org\/","@type":"Article","@id":"https:\/\/www.sodko.cz\/zvitezi-rozum-nebo-populismus\/#Article","mainEntityOfPage":"https:\/\/www.sodko.cz\/zvitezi-rozum-nebo-populismus\/","headline":"Zv\u00edt\u011bz\u00ed rozum nebo populismus?","name":"Zv\u00edt\u011bz\u00ed rozum nebo populismus?","description":"U\u017e del\u0161\u00ed dobu se na\u0161\u00ed zemi ekonomicky neda\u0159\u00ed. Nejen \u017ee se ned\u00e1 mluvit o rozkv\u011btu, ale na\u0161e situace p\u0159\u00edmo kles\u00e1 ke dnu. Ekonomika ch\u0159adne, nevzkv\u00e9t\u00e1, a jedin\u00e9, co ut\u011b\u0161en\u011b roste, je st\u00e1tn\u00ed dluh. Tedy n\u00e1\u0161 spole\u010dn\u00fd dluh, o kter\u00e9m se tolik lid\u00ed naivn\u011b domn\u00edv\u00e1, \u017ee jich se to net\u00fdk\u00e1. Jen\u017ee i jich se to t\u00fdk\u00e1. &hellip; <div class=\"link-more text-center\"><a href=\"https:\/\/www.sodko.cz\/zvitezi-rozum-nebo-populismus\/\" class=\"more-link py-2 px-4\">Read More<span class=\"screen-reader-text\"> \"Zv\u00edt\u011bz\u00ed rozum nebo populismus?\"<\/span><\/a><\/div>","datePublished":"2023-04-30","dateModified":"2023-04-30","author":{"@type":"Person","@id":"https:\/\/www.sodko.cz\/author\/devene\/#Person","name":"devene","url":"https:\/\/www.sodko.cz\/author\/devene\/","identifier":1,"image":{"@type":"ImageObject","@id":"https:\/\/secure.gravatar.com\/avatar\/4bf629230dc34158290ba5b10491f45b3bfbba94b88af3386c3da2fed730f430?s=96&d=mm&r=g","url":"https:\/\/secure.gravatar.com\/avatar\/4bf629230dc34158290ba5b10491f45b3bfbba94b88af3386c3da2fed730f430?s=96&d=mm&r=g","height":96,"width":96}},"publisher":{"@type":"Organization","name":"sodko.cz","logo":{"@type":"ImageObject","@id":"\/logo.png","url":"\/logo.png","width":600,"height":60}},"image":{"@type":"ImageObject","@id":"https:\/\/www.sodko.cz\/wp-content\/uploads\/money-8126940_1280_1.jpg","url":"https:\/\/www.sodko.cz\/wp-content\/uploads\/money-8126940_1280_1.jpg","height":0,"width":0},"url":"https:\/\/www.sodko.cz\/zvitezi-rozum-nebo-populismus\/","about":["Ekonomika"],"wordCount":460,"articleBody":"U\u017e del\u0161\u00ed dobu se na\u0161\u00ed zemi ekonomicky neda\u0159\u00ed. Nejen \u017ee se ned\u00e1 mluvit o rozkv\u011btu, ale na\u0161e situace p\u0159\u00edmo kles\u00e1 ke dnu. Ekonomika ch\u0159adne, nevzkv\u00e9t\u00e1, a jedin\u00e9, co ut\u011b\u0161en\u011b roste, je st\u00e1tn\u00ed dluh. Tedy n\u00e1\u0161 spole\u010dn\u00fd dluh, o kter\u00e9m se tolik lid\u00ed naivn\u011b domn\u00edv\u00e1, \u017ee jich se to net\u00fdk\u00e1. Jen\u017ee i jich se to t\u00fdk\u00e1. T\u00fdk\u00e1 se to toti\u017e ka\u017ed\u00e9ho z\u00a0n\u00e1s, v\u0161ech, kdo jsou v\u00a0t\u00e9to zemi doma.V\u011bt\u0161ina p\u0159edchoz\u00edch vl\u00e1d um\u011bla d\u011blat hlavn\u011b jedin\u00e9 \u2013 dluhy. To jim \u0161lo l\u00e9pe ne\u017e co jin\u00e9ho. A tak jsme se dostali a\u017e do dne\u0161n\u00ed situace, v\u00a0n\u00ed\u017e u\u017e se v\u00e1\u017en\u011b mus\u00ed \u0161et\u0159it. Jenom slepci nebo zcela naivn\u00ed lid\u00e9 \u010di populist\u00e9 jsou je\u0161t\u011b schopni tvrdit, \u017ee je n\u00e1\u0161 st\u00e1tn\u00ed dluh n\u00edzk\u00fd. Proto\u017ee si lehce zjist\u00edte, jak velkou \u010d\u00e1stku by m\u011bl pr\u016fm\u011brn\u011b uhradit ka\u017ed\u00fd z\u00a0n\u00e1s. A ta, kterou n\u00e1s kdysi \u0161okovala jedna z\u00a0politick\u00fdch stran, kdy\u017e jako sou\u010d\u00e1st sv\u00e9 volebn\u00ed kampan\u011b rozes\u00edlala fale\u0161n\u00e9 slo\u017eenky s\u00a0v\u00fdzvou k\u00a0\u00fahrad\u011b onoho dluhu, je u\u017e d\u00e1vno minulost\u00ed. U\u017e d\u00e1vno nedlu\u017e\u00edme jenom \u010dtvrt milionu na ka\u017ed\u00e9ho \u010cecha. A kdo to dok\u00e1\u017ee zaplatit? N\u011bkte\u0159\u00ed z\u00a0n\u00e1s sice maj\u00ed dost velk\u00e9 \u00faspory, ale co ti ostatn\u00ed?Dne\u0161n\u00ed vl\u00e1da kone\u010dn\u011b u\u010dinila pokus n\u011bco m\u00e1lo u\u0161et\u0159it. Byla to vzhledem k\u00a0panuj\u00edc\u00ed situaci sice minim\u00e1ln\u00ed a nic moc ne\u0159e\u0161\u00edc\u00ed \u00faspora, ale aspo\u0148 \u017ee to. Ale \u010deho se tato vl\u00e1da za sv\u016fj pozitivn\u00ed p\u0159\u00edstup k\u00a0probl\u00e9m\u016fm n\u00e1s v\u0161ech do\u010dkala? M\u011bli bychom j\u00ed b\u00fdt aspo\u0148 trochu vd\u011b\u010dn\u00ed, jen\u017ee nam\u00edsto toho p\u0159i\u0161la st\u00e1vka. \u017de pr\u00fd n\u00e1s tato vl\u00e1da o\u017eebra\u010duje. A to proto, \u017ee nem\u00e1 z\u00a0\u010deho br\u00e1t a nechce n\u00e1s zadlu\u017eovat takov\u00fdm tempem jako jej\u00ed p\u0159edch\u016fdci.Pr\u00fd proti \u0161krt\u016fm protestoval a\u017e milion na\u0161inc\u016f. Co\u017e je hodn\u011b smutn\u00e9. Kr\u00e1tkozrak\u00e9. A ur\u010dit\u011b nelze \u0159\u00edci r\u010den\u00ed, \u017ee nev\u011bdomost h\u0159\u00edchu ne\u010din\u00ed. Tato st\u00e1vka ve skute\u010dnosti nebyla za blaho na\u0161ich d\u011bt\u00ed, ale proti nim. Proto\u017ee dne\u0161n\u00ed dluhy budou platit je\u0161t\u011b i ony.A co je na tom pozitivn\u00ed? Snad jedin\u011b nad\u011bje, \u017ee zat\u00edmco milion \u010cech\u016f protestoval, bylo snad zb\u00fdvaj\u00edc\u00edch dev\u011bt a p\u016fl milionu opa\u010dn\u00e9ho n\u00e1zoru. Proto\u017ee jestli ne, skon\u010d\u00ed to s\u00a0n\u00e1mi jednoho dne ekonomicky hodn\u011b \u0161patn\u011b.                                                                                                                                                                                                                                                                                                                                                                                        4.7\/5 - (4 votes)        "},{"@context":"https:\/\/schema.org\/","@type":"BreadcrumbList","itemListElement":[{"@type":"ListItem","position":1,"name":"Zv\u00edt\u011bz\u00ed rozum nebo populismus?","item":"https:\/\/www.sodko.cz\/zvitezi-rozum-nebo-populismus\/#breadcrumbitem"}]}]